{"id":399,"date":"2026-04-27T11:36:11","date_gmt":"2026-04-27T14:36:11","guid":{"rendered":"https:\/\/clinpassos.com\/agende-sua-consulta\/?p=399"},"modified":"2026-04-27T11:36:12","modified_gmt":"2026-04-27T14:36:12","slug":"hipermobilidade-ehlers-danlos-reabilitacao","status":"publish","type":"post","link":"http:\/\/clinpassos.com\/agende-sua-consulta\/2026\/04\/27\/hipermobilidade-ehlers-danlos-reabilitacao\/","title":{"rendered":"Hipermobilidade e S\u00edndrome de Ehlers-Danlos: Quando o Corpo Vai Al\u00e9m do Limite \u2014 e Paga o Pre\u00e7o por Isso"},"content":{"rendered":"\n<p>*&#8221;Ela sempre ouviu que era \u2018flex\u00edvel demais\u2019.<br>Conseguia encostar o polegar no antebra\u00e7o, dobrar os dedos para tr\u00e1s, fazer movimentos que impressionavam.<\/p>\n\n\n\n<p>Mas o que ningu\u00e9m via era o outro lado:<br>as dores constantes, os entorses frequentes, o cansa\u00e7o que n\u00e3o passava, o sono ruim\u2026<\/p>\n\n\n\n<p>At\u00e9 que um dia algu\u00e9m disse:<br>\u2018Isso pode n\u00e3o ser normal. Isso pode ter um nome.\u2019&#8221;*<\/p>\n\n\n\n<hr class=\"wp-block-separator has-alpha-channel-opacity\"\/>\n\n\n\n<h2 class=\"wp-block-heading\">\ud83e\uddec O que \u00e9 o espectro de hipermobilidade e a S\u00edndrome de Ehlers-Danlos (SED)?<\/h2>\n\n\n\n<p>O <strong>espectro de hipermobilidade (SEH)<\/strong> e a <strong>S\u00edndrome de Ehlers-Danlos (SED)<\/strong> fazem parte de um grupo de condi\u00e7\u00f5es em que o tecido conjuntivo (respons\u00e1vel por dar sustenta\u00e7\u00e3o ao corpo) \u00e9 mais \u201cfrouxo\u201d do que o normal.<\/p>\n\n\n\n<p>Isso resulta em:<\/p>\n\n\n\n<ul class=\"wp-block-list\">\n<li>Articula\u00e7\u00f5es que se movimentam al\u00e9m do esperado<\/li>\n\n\n\n<li>Instabilidade articular<\/li>\n\n\n\n<li>Maior risco de dor, les\u00f5es e fadiga<\/li>\n<\/ul>\n\n\n\n<p>A forma mais comum na pr\u00e1tica cl\u00ednica \u00e9 a <strong>hipermobilidade generalizada com sintomas<\/strong>, muitas vezes chamada de:<\/p>\n\n\n\n<p>\ud83d\udc49 <strong>Espectro de Hipermobilidade (SEH)<\/strong><br>\ud83d\udc49 ou <strong>SED hiperm\u00f3vel (hEDS)<\/strong><\/p>\n\n\n\n<hr class=\"wp-block-separator has-alpha-channel-opacity\"\/>\n\n\n\n<h2 class=\"wp-block-heading\">\ud83d\udc69\u200d\u2695\ufe0f O caso que vemos com frequ\u00eancia<\/h2>\n\n\n\n<p>Pacientes como a nossa personagem chegam ao consult\u00f3rio com uma hist\u00f3ria parecida:<\/p>\n\n\n\n<ul class=\"wp-block-list\">\n<li>\u201cSempre fui flex\u00edvel\u201d<\/li>\n\n\n\n<li>\u201cTenho dor no corpo todo\u201d<\/li>\n\n\n\n<li>\u201cVivo torcendo o tornozelo\u201d<\/li>\n\n\n\n<li>\u201cNingu\u00e9m encontra nada nos exames\u201d<\/li>\n\n\n\n<li>\u201cJ\u00e1 ouvi que \u00e9 ansiedade ou frescura\u201d<\/li>\n<\/ul>\n\n\n\n<p>E muitas vezes passam anos sem diagn\u00f3stico.<\/p>\n\n\n\n<hr class=\"wp-block-separator has-alpha-channel-opacity\"\/>\n\n\n\n<h2 class=\"wp-block-heading\">\ud83d\udcca Como o diagn\u00f3stico \u00e9 feito?<\/h2>\n\n\n\n<p>O diagn\u00f3stico \u00e9 <strong>cl\u00ednico<\/strong>, baseado em crit\u00e9rios bem estabelecidos.<\/p>\n\n\n\n<p>O fisiatra experiente utiliza ferramentas como:<\/p>\n\n\n\n<h3 class=\"wp-block-heading\">\u2705 Escore de Beighton<\/h3>\n\n\n\n<p>Avalia hipermobilidade atrav\u00e9s de testes simples, como:<\/p>\n\n\n\n<ul class=\"wp-block-list\">\n<li>Hiperextens\u00e3o dos cotovelos<\/li>\n\n\n\n<li>Hiperextens\u00e3o dos joelhos<\/li>\n\n\n\n<li>Flexibilidade dos dedos<\/li>\n\n\n\n<li>Capacidade de encostar as m\u00e3os no ch\u00e3o<\/li>\n<\/ul>\n\n\n\n<h3 class=\"wp-block-heading\">\u2705 Crit\u00e9rios diagn\u00f3sticos do espectro de hipermobilidade \/ hEDS<\/h3>\n\n\n\n<p>Incluem:<\/p>\n\n\n\n<ul class=\"wp-block-list\">\n<li>Hipermobilidade generalizada<\/li>\n\n\n\n<li>Sintomas associados (dor, fadiga, instabilidade)<\/li>\n\n\n\n<li>Exclus\u00e3o de outras doen\u00e7as<\/li>\n<\/ul>\n\n\n\n<p>\ud83d\udc49 N\u00e3o \u00e9 \u201colhar e achar\u201d.<br>\u00c9 diagn\u00f3stico baseado em <strong>crit\u00e9rios validados internacionalmente<\/strong>.<\/p>\n\n\n\n<hr class=\"wp-block-separator has-alpha-channel-opacity\"\/>\n\n\n\n<h2 class=\"wp-block-heading\">\ud83d\udd0d Rastreamento de comorbidades<\/h2>\n\n\n\n<p>Um dos pontos mais importantes \u2014 e muitas vezes negligenciado.<\/p>\n\n\n\n<p>Pacientes com SEH\/SED frequentemente apresentam:<\/p>\n\n\n\n<ul class=\"wp-block-list\">\n<li>\ud83e\udde0 Ansiedade e depress\u00e3o<\/li>\n\n\n\n<li>\ud83d\ude34 Dist\u00farbios do sono<\/li>\n\n\n\n<li>\ud83d\udc93 Taquicardia postural (POTS)<\/li>\n\n\n\n<li>\ud83c\udf7d\ufe0f Altera\u00e7\u00f5es gastrointestinais<\/li>\n\n\n\n<li>\ud83e\uddcd\u200d\u2640\ufe0f Fadiga cr\u00f4nica<\/li>\n\n\n\n<li>\ud83e\uddf4 Altera\u00e7\u00f5es cut\u00e2neas (pele mais sens\u00edvel ou el\u00e1stica)<\/li>\n\n\n\n<li>\ud83e\uddb5 Instabilidade articular recorrente<\/li>\n<\/ul>\n\n\n\n<p>\ud83d\udc49 O fisiatra olha o paciente como um todo \u2014 n\u00e3o s\u00f3 a articula\u00e7\u00e3o.<\/p>\n\n\n\n<hr class=\"wp-block-separator has-alpha-channel-opacity\"\/>\n\n\n\n<h2 class=\"wp-block-heading\">\ud83d\udee0\ufe0f Tratamento: o que realmente funciona?<\/h2>\n\n\n\n<p>Aqui est\u00e1 um ponto-chave:<\/p>\n\n\n\n<p>\ud83d\udc49 N\u00e3o existe \u201ccura simples\u201d \u2014 mas existe <strong>controle altamente eficaz<\/strong>.<\/p>\n\n\n\n<hr class=\"wp-block-separator has-alpha-channel-opacity\"\/>\n\n\n\n<h3 class=\"wp-block-heading\">\ud83c\udfcb\ufe0f\u200d\u2640\ufe0f Reabilita\u00e7\u00e3o funcional (o pilar do tratamento)<\/h3>\n\n\n\n<p>O foco \u00e9:<\/p>\n\n\n\n<ul class=\"wp-block-list\">\n<li><strong>Fortalecimento muscular espec\u00edfico<\/strong> (especialmente estabilizadores)<\/li>\n\n\n\n<li><strong>Treino de controle motor<\/strong><\/li>\n\n\n\n<li><strong>Prote\u00e7\u00e3o articular<\/strong><\/li>\n\n\n\n<li><strong>Evitar extremos de movimento<\/strong><\/li>\n<\/ul>\n\n\n\n<p>Diferente de outros casos, aqui:<\/p>\n\n\n\n<p>\u274c alongar demais pode piorar<br>\u2705 estabilizar \u00e9 o objetivo<\/p>\n\n\n\n<hr class=\"wp-block-separator has-alpha-channel-opacity\"\/>\n\n\n\n<h3 class=\"wp-block-heading\">\ud83e\uddbe Uso de \u00f3rteses e suportes<\/h3>\n\n\n\n<p>Em alguns casos:<\/p>\n\n\n\n<ul class=\"wp-block-list\">\n<li>\u00d3rteses para punho, joelho ou tornozelo<\/li>\n\n\n\n<li>Taping funcional<\/li>\n\n\n\n<li>Suportes para atividades espec\u00edficas<\/li>\n<\/ul>\n\n\n\n<p>\ud83d\udc49 N\u00e3o para imobilizar, mas para <strong>dar seguran\u00e7a e permitir fun\u00e7\u00e3o<\/strong><\/p>\n\n\n\n<hr class=\"wp-block-separator has-alpha-channel-opacity\"\/>\n\n\n\n<h3 class=\"wp-block-heading\">\ud83d\udc8a Tratamento medicamentoso<\/h3>\n\n\n\n<p>Quando necess\u00e1rio, o fisiatra pode atuar com:<\/p>\n\n\n\n<ul class=\"wp-block-list\">\n<li>Controle da dor cr\u00f4nica<\/li>\n\n\n\n<li>Manejo da fadiga<\/li>\n\n\n\n<li>Melhora do sono<\/li>\n\n\n\n<li>Tratamento de sintomas associados<\/li>\n<\/ul>\n\n\n\n<p>Sempre de forma <strong>individualizada e racional<\/strong>.<\/p>\n\n\n\n<hr class=\"wp-block-separator has-alpha-channel-opacity\"\/>\n\n\n\n<h2 class=\"wp-block-heading\">\ud83c\udf31 O que a literatura mostra?<\/h2>\n\n\n\n<p>Quando bem conduzido, o tratamento pode proporcionar:<\/p>\n\n\n\n<ul class=\"wp-block-list\">\n<li>Redu\u00e7\u00e3o significativa da dor<\/li>\n\n\n\n<li>Melhora da fadiga<\/li>\n\n\n\n<li>Melhora do sono<\/li>\n\n\n\n<li>Redu\u00e7\u00e3o de entorses e les\u00f5es<\/li>\n\n\n\n<li>Melhora da fun\u00e7\u00e3o no dia a dia<\/li>\n\n\n\n<li>Melhor controle emocional<\/li>\n<\/ul>\n\n\n\n<p>\ud83d\udc49 Ou seja: n\u00e3o \u00e9 sobre \u201ccurar o col\u00e1geno\u201d<br>\u00c9 sobre <strong>ensinar o corpo a funcionar melhor com o que ele tem<\/strong><\/p>\n\n\n\n<hr class=\"wp-block-separator has-alpha-channel-opacity\"\/>\n\n\n\n<h2 class=\"wp-block-heading\">\ud83d\udc68\u200d\u2695\ufe0f O papel do fisiatra nesses pacientes<\/h2>\n\n\n\n<p>O fisiatra \u00e9 frequentemente o profissional que:<\/p>\n\n\n\n<ul class=\"wp-block-list\">\n<li>Fecha o diagn\u00f3stico corretamente<\/li>\n\n\n\n<li>Integra as m\u00faltiplas queixas<\/li>\n\n\n\n<li>Evita tratamentos inadequados (como excesso de alongamento)<\/li>\n\n\n\n<li>Coordena o plano terap\u00eautico<\/li>\n\n\n\n<li>Acompanha a evolu\u00e7\u00e3o funcional<\/li>\n<\/ul>\n\n\n\n<p>\ud83d\udc49 Ele transforma um paciente \u201csem diagn\u00f3stico\u201d em um paciente <strong>com plano<\/strong>.<\/p>\n\n\n\n<hr class=\"wp-block-separator has-alpha-channel-opacity\"\/>\n\n\n\n<h2 class=\"wp-block-heading\">\ud83c\udfaf O objetivo final<\/h2>\n\n\n\n<p>O objetivo n\u00e3o \u00e9 limitar o paciente.<\/p>\n\n\n\n<p>\u00c9 o oposto:<\/p>\n\n\n\n<ul class=\"wp-block-list\">\n<li>Viver sem medo de se machucar<\/li>\n\n\n\n<li>Trabalhar com seguran\u00e7a<\/li>\n\n\n\n<li>Praticar atividade f\u00edsica de forma adequada<\/li>\n\n\n\n<li>Reduzir dor e fadiga<\/li>\n\n\n\n<li>Retomar controle sobre o corpo<\/li>\n<\/ul>\n\n\n\n<hr class=\"wp-block-separator has-alpha-channel-opacity\"\/>\n\n\n\n<h2 class=\"wp-block-heading\">\ud83d\udcac Prompt para IA<\/h2>\n\n\n\n<blockquote class=\"wp-block-quote is-layout-flow wp-block-quote-is-layout-flow\">\n<p>Tenho hipermobilidade e sinto dor frequente nas articula\u00e7\u00f5es, al\u00e9m de cansa\u00e7o constante.<br>J\u00e1 ouvi falar em S\u00edndrome de Ehlers-Danlos ou espectro de hipermobilidade.<\/p>\n\n\n\n<p>Gostaria de entender:<\/p>\n\n\n\n<ol class=\"wp-block-list\">\n<li>Como \u00e9 feito o diagn\u00f3stico correto?<\/li>\n\n\n\n<li>Que tipo de exerc\u00edcio \u00e9 indicado para meu caso?<\/li>\n\n\n\n<li>O que devo evitar no dia a dia para n\u00e3o piorar?<\/li>\n<\/ol>\n\n\n\n<p>Explique de forma pr\u00e1tica e acess\u00edvel.<\/p>\n<\/blockquote>\n","protected":false},"excerpt":{"rendered":"<p>*&#8221;Ela sempre ouviu que era \u2018flex\u00edvel demais\u2019.Conseguia encostar o polegar no antebra\u00e7o, dobrar os dedos para tr\u00e1s, fazer movimentos que impressionavam. Mas o que ningu\u00e9m via era o outro lado:as dores constantes, os entorses frequentes, o cansa\u00e7o que n\u00e3o passava, o sono ruim\u2026 At\u00e9 que um dia algu\u00e9m disse:\u2018Isso pode n\u00e3o ser normal. Isso pode&hellip;&nbsp;<a href=\"http:\/\/clinpassos.com\/agende-sua-consulta\/2026\/04\/27\/hipermobilidade-ehlers-danlos-reabilitacao\/\" class=\"\" rel=\"bookmark\">Continue a ler &raquo;<span class=\"screen-reader-text\">Hipermobilidade e S\u00edndrome de Ehlers-Danlos: Quando o Corpo Vai Al\u00e9m do Limite \u2014 e Paga o Pre\u00e7o por Isso<\/span><\/a><\/p>\n","protected":false},"author":1,"featured_media":400,"comment_status":"open","ping_status":"open","sticky":false,"template":"","format":"standard","meta":{"neve_meta_sidebar":"","neve_meta_container":"","neve_meta_enable_content_width":"","neve_meta_content_width":0,"neve_meta_title_alignment":"","neve_meta_author_avatar":"","neve_post_elements_order":"","neve_meta_disable_header":"","neve_meta_disable_footer":"","neve_meta_disable_title":"","_joinchat":[],"footnotes":""},"categories":[1],"tags":[],"class_list":["post-399","post","type-post","status-publish","format-standard","has-post-thumbnail","hentry","category-sem-categoria"],"yoast_head":"<!-- This site is optimized with the Yoast SEO plugin v23.0 - https:\/\/yoast.com\/wordpress\/plugins\/seo\/ -->\n<title>Hipermobilidade e S\u00edndrome de Ehlers-Danlos: Diagn\u00f3stico e Tratamento com Fisiatria \u2013 Passos+<\/title>\n<meta name=\"description\" content=\"Entenda o espectro de hipermobilidade e a S\u00edndrome de Ehlers-Danlos, como \u00e9 feito o diagn\u00f3stico e como a fisiatria pode ajudar no controle da dor, fadiga e fun\u00e7\u00e3o.\" \/>\n<meta name=\"robots\" content=\"index, follow, max-snippet:-1, max-image-preview:large, max-video-preview:-1\" \/>\n<link rel=\"canonical\" href=\"http:\/\/clinpassos.com\/agende-sua-consulta\/2026\/04\/27\/hipermobilidade-ehlers-danlos-reabilitacao\/\" \/>\n<meta property=\"og:locale\" content=\"pt_BR\" \/>\n<meta property=\"og:type\" content=\"article\" \/>\n<meta property=\"og:title\" content=\"Hipermobilidade e S\u00edndrome de Ehlers-Danlos: Diagn\u00f3stico e Tratamento com Fisiatria \u2013 Passos+\" \/>\n<meta property=\"og:description\" content=\"Entenda o espectro de hipermobilidade e a S\u00edndrome de Ehlers-Danlos, como \u00e9 feito o diagn\u00f3stico e como a fisiatria pode ajudar no controle da dor, fadiga e fun\u00e7\u00e3o.\" \/>\n<meta property=\"og:url\" content=\"http:\/\/clinpassos.com\/agende-sua-consulta\/2026\/04\/27\/hipermobilidade-ehlers-danlos-reabilitacao\/\" \/>\n<meta property=\"og:site_name\" content=\"Cl\u00ednica Passos\" \/>\n<meta property=\"article:published_time\" content=\"2026-04-27T14:36:11+00:00\" \/>\n<meta property=\"article:modified_time\" content=\"2026-04-27T14:36:12+00:00\" \/>\n<meta property=\"og:image\" content=\"http:\/\/clinpassos.com\/wp-content\/uploads\/2026\/04\/7992bf26-c603-4a8b-ac7f-b207f53dbd52-1024x683.png\" \/>\n\t<meta property=\"og:image:width\" content=\"1024\" \/>\n\t<meta property=\"og:image:height\" content=\"683\" \/>\n\t<meta property=\"og:image:type\" content=\"image\/png\" \/>\n<meta name=\"author\" content=\"wpauseru3UVCaD0\" \/>\n<meta name=\"twitter:card\" content=\"summary_large_image\" \/>\n<meta name=\"twitter:label1\" content=\"Escrito por\" \/>\n\t<meta name=\"twitter:data1\" content=\"wpauseru3UVCaD0\" \/>\n\t<meta name=\"twitter:label2\" content=\"Est. tempo de leitura\" \/>\n\t<meta name=\"twitter:data2\" content=\"4 minutos\" \/>\n<!-- \/ Yoast SEO plugin. -->","yoast_head_json":{"title":"Hipermobilidade e S\u00edndrome de Ehlers-Danlos: Diagn\u00f3stico e Tratamento com Fisiatria \u2013 Passos+","description":"Entenda o espectro de hipermobilidade e a S\u00edndrome de Ehlers-Danlos, como \u00e9 feito o diagn\u00f3stico e como a fisiatria pode ajudar no controle da dor, fadiga e fun\u00e7\u00e3o.","robots":{"index":"index","follow":"follow","max-snippet":"max-snippet:-1","max-image-preview":"max-image-preview:large","max-video-preview":"max-video-preview:-1"},"canonical":"http:\/\/clinpassos.com\/agende-sua-consulta\/2026\/04\/27\/hipermobilidade-ehlers-danlos-reabilitacao\/","og_locale":"pt_BR","og_type":"article","og_title":"Hipermobilidade e S\u00edndrome de Ehlers-Danlos: Diagn\u00f3stico e Tratamento com Fisiatria \u2013 Passos+","og_description":"Entenda o espectro de hipermobilidade e a S\u00edndrome de Ehlers-Danlos, como \u00e9 feito o diagn\u00f3stico e como a fisiatria pode ajudar no controle da dor, fadiga e fun\u00e7\u00e3o.","og_url":"http:\/\/clinpassos.com\/agende-sua-consulta\/2026\/04\/27\/hipermobilidade-ehlers-danlos-reabilitacao\/","og_site_name":"Cl\u00ednica Passos","article_published_time":"2026-04-27T14:36:11+00:00","article_modified_time":"2026-04-27T14:36:12+00:00","og_image":[{"width":1024,"height":683,"url":"http:\/\/clinpassos.com\/wp-content\/uploads\/2026\/04\/7992bf26-c603-4a8b-ac7f-b207f53dbd52-1024x683.png","type":"image\/png"}],"author":"wpauseru3UVCaD0","twitter_card":"summary_large_image","twitter_misc":{"Escrito por":"wpauseru3UVCaD0","Est. tempo de leitura":"4 minutos"},"schema":{"@context":"https:\/\/schema.org","@graph":[{"@type":"Article","@id":"http:\/\/clinpassos.com\/agende-sua-consulta\/2026\/04\/27\/hipermobilidade-ehlers-danlos-reabilitacao\/#article","isPartOf":{"@id":"http:\/\/clinpassos.com\/agende-sua-consulta\/2026\/04\/27\/hipermobilidade-ehlers-danlos-reabilitacao\/"},"author":{"name":"wpauseru3UVCaD0","@id":"http:\/\/clinpassos.com\/agende-sua-consulta\/#\/schema\/person\/fa24472b2b3cea990ebe5d0e4392680c"},"headline":"Hipermobilidade e S\u00edndrome de Ehlers-Danlos: Quando o Corpo Vai Al\u00e9m do Limite \u2014 e Paga o Pre\u00e7o por Isso","datePublished":"2026-04-27T14:36:11+00:00","dateModified":"2026-04-27T14:36:12+00:00","mainEntityOfPage":{"@id":"http:\/\/clinpassos.com\/agende-sua-consulta\/2026\/04\/27\/hipermobilidade-ehlers-danlos-reabilitacao\/"},"wordCount":738,"commentCount":0,"publisher":{"@id":"http:\/\/clinpassos.com\/agende-sua-consulta\/#organization"},"image":{"@id":"http:\/\/clinpassos.com\/agende-sua-consulta\/2026\/04\/27\/hipermobilidade-ehlers-danlos-reabilitacao\/#primaryimage"},"thumbnailUrl":"http:\/\/clinpassos.com\/wp-content\/uploads\/2026\/04\/7992bf26-c603-4a8b-ac7f-b207f53dbd52.png","inLanguage":"pt-BR","potentialAction":[{"@type":"CommentAction","name":"Comment","target":["http:\/\/clinpassos.com\/agende-sua-consulta\/2026\/04\/27\/hipermobilidade-ehlers-danlos-reabilitacao\/#respond"]}]},{"@type":"WebPage","@id":"http:\/\/clinpassos.com\/agende-sua-consulta\/2026\/04\/27\/hipermobilidade-ehlers-danlos-reabilitacao\/","url":"http:\/\/clinpassos.com\/agende-sua-consulta\/2026\/04\/27\/hipermobilidade-ehlers-danlos-reabilitacao\/","name":"Hipermobilidade e S\u00edndrome de Ehlers-Danlos: Diagn\u00f3stico e Tratamento com Fisiatria \u2013 Passos+","isPartOf":{"@id":"http:\/\/clinpassos.com\/agende-sua-consulta\/#website"},"primaryImageOfPage":{"@id":"http:\/\/clinpassos.com\/agende-sua-consulta\/2026\/04\/27\/hipermobilidade-ehlers-danlos-reabilitacao\/#primaryimage"},"image":{"@id":"http:\/\/clinpassos.com\/agende-sua-consulta\/2026\/04\/27\/hipermobilidade-ehlers-danlos-reabilitacao\/#primaryimage"},"thumbnailUrl":"http:\/\/clinpassos.com\/wp-content\/uploads\/2026\/04\/7992bf26-c603-4a8b-ac7f-b207f53dbd52.png","datePublished":"2026-04-27T14:36:11+00:00","dateModified":"2026-04-27T14:36:12+00:00","description":"Entenda o espectro de hipermobilidade e a S\u00edndrome de Ehlers-Danlos, como \u00e9 feito o diagn\u00f3stico e como a fisiatria pode ajudar no controle da dor, fadiga e fun\u00e7\u00e3o.","breadcrumb":{"@id":"http:\/\/clinpassos.com\/agende-sua-consulta\/2026\/04\/27\/hipermobilidade-ehlers-danlos-reabilitacao\/#breadcrumb"},"inLanguage":"pt-BR","potentialAction":[{"@type":"ReadAction","target":["http:\/\/clinpassos.com\/agende-sua-consulta\/2026\/04\/27\/hipermobilidade-ehlers-danlos-reabilitacao\/"]}]},{"@type":"ImageObject","inLanguage":"pt-BR","@id":"http:\/\/clinpassos.com\/agende-sua-consulta\/2026\/04\/27\/hipermobilidade-ehlers-danlos-reabilitacao\/#primaryimage","url":"http:\/\/clinpassos.com\/wp-content\/uploads\/2026\/04\/7992bf26-c603-4a8b-ac7f-b207f53dbd52.png","contentUrl":"http:\/\/clinpassos.com\/wp-content\/uploads\/2026\/04\/7992bf26-c603-4a8b-ac7f-b207f53dbd52.png","width":1536,"height":1024,"caption":"hipermobilidade"},{"@type":"BreadcrumbList","@id":"http:\/\/clinpassos.com\/agende-sua-consulta\/2026\/04\/27\/hipermobilidade-ehlers-danlos-reabilitacao\/#breadcrumb","itemListElement":[{"@type":"ListItem","position":1,"name":"In\u00edcio","item":"https:\/\/clinpassos.com\/agende-sua-consulta\/"},{"@type":"ListItem","position":2,"name":"Hipermobilidade e S\u00edndrome de Ehlers-Danlos: Quando o Corpo Vai Al\u00e9m do Limite \u2014 e Paga o Pre\u00e7o por Isso"}]},{"@type":"WebSite","@id":"http:\/\/clinpassos.com\/agende-sua-consulta\/#website","url":"http:\/\/clinpassos.com\/agende-sua-consulta\/","name":"Cl\u00ednica Passos","description":"Agende sua consulta com um Fisiatra","publisher":{"@id":"http:\/\/clinpassos.com\/agende-sua-consulta\/#organization"},"potentialAction":[{"@type":"SearchAction","target":{"@type":"EntryPoint","urlTemplate":"http:\/\/clinpassos.com\/agende-sua-consulta\/?s={search_term_string}"},"query-input":"required name=search_term_string"}],"inLanguage":"pt-BR"},{"@type":"Organization","@id":"http:\/\/clinpassos.com\/agende-sua-consulta\/#organization","name":"Cl\u00ednica Passos","url":"http:\/\/clinpassos.com\/agende-sua-consulta\/","logo":{"@type":"ImageObject","inLanguage":"pt-BR","@id":"http:\/\/clinpassos.com\/agende-sua-consulta\/#\/schema\/logo\/image\/","url":"http:\/\/clinpassos.com\/wp-content\/uploads\/2024\/07\/logo-agency-3.png","contentUrl":"http:\/\/clinpassos.com\/wp-content\/uploads\/2024\/07\/logo-agency-3.png","width":200,"height":200,"caption":"Cl\u00ednica Passos"},"image":{"@id":"http:\/\/clinpassos.com\/agende-sua-consulta\/#\/schema\/logo\/image\/"}},{"@type":"Person","@id":"http:\/\/clinpassos.com\/agende-sua-consulta\/#\/schema\/person\/fa24472b2b3cea990ebe5d0e4392680c","name":"wpauseru3UVCaD0","image":{"@type":"ImageObject","inLanguage":"pt-BR","@id":"http:\/\/clinpassos.com\/agende-sua-consulta\/#\/schema\/person\/image\/","url":"https:\/\/secure.gravatar.com\/avatar\/7626b0a2174928b2c9ae720e607156b60a72401b5ad299c6708d2a0049420bb8?s=96&d=mm&r=g","contentUrl":"https:\/\/secure.gravatar.com\/avatar\/7626b0a2174928b2c9ae720e607156b60a72401b5ad299c6708d2a0049420bb8?s=96&d=mm&r=g","caption":"wpauseru3UVCaD0"},"sameAs":["https:\/\/clinpassos.com"],"url":"http:\/\/clinpassos.com\/agende-sua-consulta\/author\/wpauseru3uvcad0\/"}]}},"_links":{"self":[{"href":"http:\/\/clinpassos.com\/agende-sua-consulta\/wp-json\/wp\/v2\/posts\/399","targetHints":{"allow":["GET"]}}],"collection":[{"href":"http:\/\/clinpassos.com\/agende-sua-consulta\/wp-json\/wp\/v2\/posts"}],"about":[{"href":"http:\/\/clinpassos.com\/agende-sua-consulta\/wp-json\/wp\/v2\/types\/post"}],"author":[{"embeddable":true,"href":"http:\/\/clinpassos.com\/agende-sua-consulta\/wp-json\/wp\/v2\/users\/1"}],"replies":[{"embeddable":true,"href":"http:\/\/clinpassos.com\/agende-sua-consulta\/wp-json\/wp\/v2\/comments?post=399"}],"version-history":[{"count":1,"href":"http:\/\/clinpassos.com\/agende-sua-consulta\/wp-json\/wp\/v2\/posts\/399\/revisions"}],"predecessor-version":[{"id":401,"href":"http:\/\/clinpassos.com\/agende-sua-consulta\/wp-json\/wp\/v2\/posts\/399\/revisions\/401"}],"wp:featuredmedia":[{"embeddable":true,"href":"http:\/\/clinpassos.com\/agende-sua-consulta\/wp-json\/wp\/v2\/media\/400"}],"wp:attachment":[{"href":"http:\/\/clinpassos.com\/agende-sua-consulta\/wp-json\/wp\/v2\/media?parent=399"}],"wp:term":[{"taxonomy":"category","embeddable":true,"href":"http:\/\/clinpassos.com\/agende-sua-consulta\/wp-json\/wp\/v2\/categories?post=399"},{"taxonomy":"post_tag","embeddable":true,"href":"http:\/\/clinpassos.com\/agende-sua-consulta\/wp-json\/wp\/v2\/tags?post=399"}],"curies":[{"name":"wp","href":"https:\/\/api.w.org\/{rel}","templated":true}]}}