{"id":395,"date":"2026-04-20T17:29:03","date_gmt":"2026-04-20T20:29:03","guid":{"rendered":"https:\/\/clinpassos.com\/agende-sua-consulta\/?p=395"},"modified":"2026-04-20T17:29:04","modified_gmt":"2026-04-20T20:29:04","slug":"sequelas-avc-quando-param-melhorar","status":"publish","type":"post","link":"http:\/\/clinpassos.com\/agende-sua-consulta\/2026\/04\/20\/sequelas-avc-quando-param-melhorar\/","title":{"rendered":"Sequelas do AVC: Quando a Recupera\u00e7\u00e3o Desacelera \u2014 e o Que Fazer a Partir Da\u00ed"},"content":{"rendered":"\n<p>*&#8221;No come\u00e7o, tudo melhorava r\u00e1pido.<br>Cada dia era uma vit\u00f3ria: um dedo que mexia, uma palavra que sa\u00eda, um passo que surgia.<\/p>\n\n\n\n<p>Mas, depois de um tempo\u2026 parecia que tudo parou.&#8221;*<\/p>\n\n\n\n<p>Essa \u00e9 uma das frases mais comuns que ouvimos no consult\u00f3rio.<\/p>\n\n\n\n<p>E ela vem carregada de d\u00favidas:<\/p>\n\n\n\n<ul class=\"wp-block-list\">\n<li>\u201cEle ainda vai melhorar?\u201d<\/li>\n\n\n\n<li>\u201cIsso j\u00e1 ficou definitivo?\u201d<\/li>\n\n\n\n<li>\u201cVale a pena continuar a reabilita\u00e7\u00e3o?\u201d<\/li>\n<\/ul>\n\n\n\n<p>Se voc\u00ea j\u00e1 se fez essas perguntas, este artigo \u00e9 para voc\u00ea.<\/p>\n\n\n\n<hr class=\"wp-block-separator has-alpha-channel-opacity\"\/>\n\n\n\n<h2 class=\"wp-block-heading\">\u23f3 Existe um \u201ctempo da recupera\u00e7\u00e3o\u201d?<\/h2>\n\n\n\n<p>Sim \u2014 e entender isso muda tudo.<\/p>\n\n\n\n<p>Ap\u00f3s o AVC, o c\u00e9rebro passa por fases:<\/p>\n\n\n\n<h3 class=\"wp-block-heading\">\ud83d\udfe2 Fase inicial (primeiras semanas)<\/h3>\n\n\n\n<ul class=\"wp-block-list\">\n<li>Recupera\u00e7\u00e3o mais r\u00e1pida<\/li>\n\n\n\n<li>Redu\u00e7\u00e3o do incha\u00e7o cerebral<\/li>\n\n\n\n<li>Retorno de fun\u00e7\u00f5es parcialmente preservadas<\/li>\n<\/ul>\n\n\n\n<p>\ud83d\udc49 \u00c9 quando vemos as melhoras mais \u201cvis\u00edveis\u201d.<\/p>\n\n\n\n<hr class=\"wp-block-separator has-alpha-channel-opacity\"\/>\n\n\n\n<h3 class=\"wp-block-heading\">\ud83d\udfe1 Fase intermedi\u00e1ria (at\u00e9 cerca de 3 a 6 meses)<\/h3>\n\n\n\n<ul class=\"wp-block-list\">\n<li>O c\u00e9rebro come\u00e7a a se reorganizar<\/li>\n\n\n\n<li>Novos caminhos s\u00e3o criados<\/li>\n\n\n\n<li>A reabilita\u00e7\u00e3o tem grande impacto<\/li>\n<\/ul>\n\n\n\n<p>\ud83d\udc49 Aqui ainda h\u00e1 muito ganho poss\u00edvel \u2014 com esfor\u00e7o direcionado.<\/p>\n\n\n\n<hr class=\"wp-block-separator has-alpha-channel-opacity\"\/>\n\n\n\n<h3 class=\"wp-block-heading\">\ud83d\udd35 Fase tardia (ap\u00f3s 6 meses)<\/h3>\n\n\n\n<ul class=\"wp-block-list\">\n<li>A velocidade de melhora diminui<\/li>\n\n\n\n<li>Os ganhos continuam, mas s\u00e3o mais lentos<\/li>\n\n\n\n<li>O corpo come\u00e7a a \u201cse adaptar\u201d ao que ficou<\/li>\n<\/ul>\n\n\n\n<p>\ud83d\udc49 \u00c9 aqui que muitos dizem: \u201cparou de melhorar\u201d<\/p>\n\n\n\n<hr class=\"wp-block-separator has-alpha-channel-opacity\"\/>\n\n\n\n<h2 class=\"wp-block-heading\">\u26a0\ufe0f Quando as sequelas se tornam \u201ccr\u00f4nicas\u201d?<\/h2>\n\n\n\n<p>De forma geral, consideramos que as sequelas entram em fase mais <strong>cr\u00f4nica ap\u00f3s 6 a 12 meses<\/strong>.<\/p>\n\n\n\n<p>Mas isso n\u00e3o significa que:<\/p>\n\n\n\n<p>\u274c \u201cn\u00e3o h\u00e1 mais o que fazer\u201d<br>\u274c \u201cacabou a recupera\u00e7\u00e3o\u201d<\/p>\n\n\n\n<p>Significa apenas que:<\/p>\n\n\n\n<p>\ud83d\udc49 <strong>as mudan\u00e7as passam a ser mais lentas e exigem mais estrat\u00e9gia do que intensidade.<\/strong><\/p>\n\n\n\n<hr class=\"wp-block-separator has-alpha-channel-opacity\"\/>\n\n\n\n<h2 class=\"wp-block-heading\">\ud83e\udde9 Cada sequela tem seu pr\u00f3prio tempo<\/h2>\n\n\n\n<p>Esse \u00e9 um ponto fundamental \u2014 e pouco falado.<\/p>\n\n\n\n<h3 class=\"wp-block-heading\">\ud83e\uddb5 Fun\u00e7\u00f5es motoras (movimento)<\/h3>\n\n\n\n<ul class=\"wp-block-list\">\n<li>Tendem a recuperar mais nos primeiros meses<\/li>\n\n\n\n<li>Podem continuar melhorando por anos, com treino adequado<\/li>\n\n\n\n<li>Espasticidade pode surgir e interferir<\/li>\n<\/ul>\n\n\n\n<hr class=\"wp-block-separator has-alpha-channel-opacity\"\/>\n\n\n\n<h3 class=\"wp-block-heading\">\ud83d\udde3\ufe0f Linguagem (fala e compreens\u00e3o)<\/h3>\n\n\n\n<ul class=\"wp-block-list\">\n<li>Pode evoluir lentamente por longos per\u00edodos<\/li>\n\n\n\n<li>\u00c0s vezes melhora mais devagar que o movimento<\/li>\n\n\n\n<li>Requer est\u00edmulo cont\u00ednuo<\/li>\n<\/ul>\n\n\n\n<hr class=\"wp-block-separator has-alpha-channel-opacity\"\/>\n\n\n\n<h3 class=\"wp-block-heading\">\ud83c\udf7d\ufe0f Alimenta\u00e7\u00e3o (degluti\u00e7\u00e3o)<\/h3>\n\n\n\n<ul class=\"wp-block-list\">\n<li>Muitas vezes melhora nas primeiras semanas<\/li>\n\n\n\n<li>Pode estabilizar mais cedo<\/li>\n\n\n\n<li>Em alguns casos, adapta\u00e7\u00f5es s\u00e3o necess\u00e1rias a longo prazo<\/li>\n<\/ul>\n\n\n\n<hr class=\"wp-block-separator has-alpha-channel-opacity\"\/>\n\n\n\n<h3 class=\"wp-block-heading\">\ud83e\udde0 Cogni\u00e7\u00e3o (mem\u00f3ria, aten\u00e7\u00e3o, planejamento)<\/h3>\n\n\n\n<ul class=\"wp-block-list\">\n<li>Pode melhorar lentamente ao longo dos meses<\/li>\n\n\n\n<li>Muitas vezes depende de treino estruturado<\/li>\n\n\n\n<li>Impacta diretamente na independ\u00eancia<\/li>\n<\/ul>\n\n\n\n<hr class=\"wp-block-separator has-alpha-channel-opacity\"\/>\n\n\n\n<p>\ud83d\udc49 Ou seja:<br><strong>n\u00e3o existe um \u00fanico \u201ctempo do AVC\u201d \u2014 existe o tempo de cada fun\u00e7\u00e3o.<\/strong><\/p>\n\n\n\n<hr class=\"wp-block-separator has-alpha-channel-opacity\"\/>\n\n\n\n<h2 class=\"wp-block-heading\">\ud83e\uddf1 A verdade dif\u00edcil (mas necess\u00e1ria)<\/h2>\n\n\n\n<p>A reabilita\u00e7\u00e3o n\u00e3o \u201capaga\u201d o AVC.<\/p>\n\n\n\n<p>Ela n\u00e3o desfaz a les\u00e3o no c\u00e9rebro.<\/p>\n\n\n\n<p>\ud83d\udc49 O que ela faz \u00e9 algo diferente \u2014 e poderoso:<\/p>\n\n\n\n<ul class=\"wp-block-list\">\n<li>Cria novos caminhos<\/li>\n\n\n\n<li>Ensina novas formas de realizar tarefas<\/li>\n\n\n\n<li>Recupera o que \u00e9 poss\u00edvel<\/li>\n\n\n\n<li>Compensa o que n\u00e3o volta<\/li>\n<\/ul>\n\n\n\n<hr class=\"wp-block-separator has-alpha-channel-opacity\"\/>\n\n\n\n<h2 class=\"wp-block-heading\">\ud83d\udd04 Ent\u00e3o\u2026 por que continuar a reabilita\u00e7\u00e3o?<\/h2>\n\n\n\n<p>Porque mesmo quando a melhora desacelera:<\/p>\n\n\n\n<ul class=\"wp-block-list\">\n<li>Ainda \u00e9 poss\u00edvel ganhar fun\u00e7\u00e3o<\/li>\n\n\n\n<li>\u00c9 poss\u00edvel evitar piora<\/li>\n\n\n\n<li>\u00c9 poss\u00edvel reduzir dor<\/li>\n\n\n\n<li>\u00c9 poss\u00edvel adaptar a vida com mais autonomia<\/li>\n<\/ul>\n\n\n\n<p>\ud83d\udc49 E principalmente:<br><strong>\u00e9 poss\u00edvel transformar limita\u00e7\u00e3o em capacidade funcional.<\/strong><\/p>\n\n\n\n<hr class=\"wp-block-separator has-alpha-channel-opacity\"\/>\n\n\n\n<h2 class=\"wp-block-heading\">\ud83e\udde0 O papel do fisiatra nessa fase<\/h2>\n\n\n\n<p>Na fase cr\u00f4nica, o fisiatra se torna ainda mais estrat\u00e9gico:<\/p>\n\n\n\n<ul class=\"wp-block-list\">\n<li>Identifica o que ainda pode melhorar<\/li>\n\n\n\n<li>Trata complica\u00e7\u00f5es (espasticidade, dor, ombro doloroso)<\/li>\n\n\n\n<li>Indica tecnologias (\u00f3rteses, adapta\u00e7\u00f5es)<\/li>\n\n\n\n<li>Ajusta expectativas com clareza<\/li>\n\n\n\n<li>Redefine metas realistas<\/li>\n<\/ul>\n\n\n\n<p>\ud83d\udc49 Leia tamb\u00e9m:<br>\ud83d\udd17 <a>Ombro do hemipl\u00e9gico: preven\u00e7\u00e3o e tratamento<\/a><br>\ud83d\udd17 <a href=\"https:\/\/clinpassos.com\/agende-sua-consulta\/2025\/07\/25\/primeiras-semanas-pos-avc\/\">Primeiras semanas ap\u00f3s o AVC<\/a><\/p>\n\n\n\n<hr class=\"wp-block-separator has-alpha-channel-opacity\"\/>\n\n\n\n<h2 class=\"wp-block-heading\">\ud83c\udfaf Mudan\u00e7a de mentalidade: do \u201cvoltar ao normal\u201d para \u201cviver bem\u201d<\/h2>\n\n\n\n<p>Um dos momentos mais importantes da jornada \u00e9 quando o paciente e a fam\u00edlia entendem:<\/p>\n\n\n\n<p>\ud83d\udc49 O objetivo muda.<\/p>\n\n\n\n<p>De:<\/p>\n\n\n\n<ul class=\"wp-block-list\">\n<li>\u201cvoltar a ser exatamente como antes\u201d<\/li>\n<\/ul>\n\n\n\n<p>Para:<\/p>\n\n\n\n<ul class=\"wp-block-list\">\n<li>\u201cser funcional, independente e ativo da melhor forma poss\u00edvel\u201d<\/li>\n<\/ul>\n\n\n\n<hr class=\"wp-block-separator has-alpha-channel-opacity\"\/>\n\n\n\n<h2 class=\"wp-block-heading\">\ud83c\udf31 E o que ainda pode melhorar?<\/h2>\n\n\n\n<p>Mesmo ap\u00f3s anos:<\/p>\n\n\n\n<ul class=\"wp-block-list\">\n<li>Marcha pode evoluir<\/li>\n\n\n\n<li>Uso do bra\u00e7o pode melhorar<\/li>\n\n\n\n<li>Comunica\u00e7\u00e3o pode se expandir<\/li>\n\n\n\n<li>Independ\u00eancia pode aumentar<\/li>\n<\/ul>\n\n\n\n<p>Mas isso depende de:<\/p>\n\n\n\n<ul class=\"wp-block-list\">\n<li>Est\u00edmulo correto<\/li>\n\n\n\n<li>Persist\u00eancia<\/li>\n\n\n\n<li>Estrat\u00e9gia<\/li>\n\n\n\n<li>Acompanhamento adequado<\/li>\n<\/ul>\n\n\n\n<hr class=\"wp-block-separator has-alpha-channel-opacity\"\/>\n\n\n\n<h2 class=\"wp-block-heading\">\u2705 Conclus\u00e3o<\/h2>\n\n\n\n<p>Se voc\u00ea sente que a recupera\u00e7\u00e3o desacelerou, voc\u00ea n\u00e3o est\u00e1 sozinho.<\/p>\n\n\n\n<p>Isso faz parte do processo.<\/p>\n\n\n\n<p>Mas desacelerar n\u00e3o \u00e9 parar.<\/p>\n\n\n\n<p>\ud83d\udc49 \u00c9 mudar de fase.<\/p>\n\n\n\n<p>E nessa nova fase, o foco deixa de ser \u201crecuperar r\u00e1pido\u201d<br>e passa a ser <strong>recuperar com intelig\u00eancia.<\/strong><\/p>\n\n\n\n<hr class=\"wp-block-separator has-alpha-channel-opacity\"\/>\n\n\n\n<h2 class=\"wp-block-heading\">\ud83d\udcac Prompt para IA<\/h2>\n\n\n\n<blockquote class=\"wp-block-quote is-layout-flow wp-block-quote-is-layout-flow\">\n<p>Meu familiar teve um AVC h\u00e1 [X meses\/anos] e percebemos que a melhora diminuiu muito nos \u00faltimos meses.<\/p>\n\n\n\n<p>Gostaria de entender:<\/p>\n\n\n\n<ol class=\"wp-block-list\">\n<li>Isso \u00e9 esperado?<\/li>\n\n\n\n<li>Ainda existe possibilidade de melhora?<\/li>\n\n\n\n<li>O que podemos fazer nessa fase para continuar evoluindo?<\/li>\n<\/ol>\n\n\n\n<p>Explique de forma simples, pr\u00e1tica e realista.<\/p>\n<\/blockquote>\n\n\n\n<p><\/p>\n","protected":false},"excerpt":{"rendered":"<p>*&#8221;No come\u00e7o, tudo melhorava r\u00e1pido.Cada dia era uma vit\u00f3ria: um dedo que mexia, uma palavra que sa\u00eda, um passo que surgia. Mas, depois de um tempo\u2026 parecia que tudo parou.&#8221;* Essa \u00e9 uma das frases mais comuns que ouvimos no consult\u00f3rio. E ela vem carregada de d\u00favidas: Se voc\u00ea j\u00e1 se fez essas perguntas, este&hellip;&nbsp;<a href=\"http:\/\/clinpassos.com\/agende-sua-consulta\/2026\/04\/20\/sequelas-avc-quando-param-melhorar\/\" class=\"\" rel=\"bookmark\">Continue a ler &raquo;<span class=\"screen-reader-text\">Sequelas do AVC: Quando a Recupera\u00e7\u00e3o Desacelera \u2014 e o Que Fazer a Partir Da\u00ed<\/span><\/a><\/p>\n","protected":false},"author":1,"featured_media":396,"comment_status":"open","ping_status":"open","sticky":false,"template":"","format":"standard","meta":{"neve_meta_sidebar":"","neve_meta_container":"","neve_meta_enable_content_width":"","neve_meta_content_width":0,"neve_meta_title_alignment":"","neve_meta_author_avatar":"","neve_post_elements_order":"","neve_meta_disable_header":"","neve_meta_disable_footer":"","neve_meta_disable_title":"","_joinchat":[],"footnotes":""},"categories":[1],"tags":[],"class_list":["post-395","post","type-post","status-publish","format-standard","has-post-thumbnail","hentry","category-sem-categoria"],"yoast_head":"<!-- This site is optimized with the Yoast SEO plugin v23.0 - https:\/\/yoast.com\/wordpress\/plugins\/seo\/ -->\n<title>Sequelas do AVC: Quando a Recupera\u00e7\u00e3o Desacelera e o Que Fazer \u2013 AVC360<\/title>\n<meta name=\"description\" content=\"Entenda quando as sequelas do AVC se tornam cr\u00f4nicas, por que a recupera\u00e7\u00e3o desacelera e como continuar evoluindo com reabilita\u00e7\u00e3o funcional.\" \/>\n<meta name=\"robots\" content=\"index, follow, max-snippet:-1, max-image-preview:large, max-video-preview:-1\" \/>\n<link rel=\"canonical\" href=\"http:\/\/clinpassos.com\/agende-sua-consulta\/2026\/04\/20\/sequelas-avc-quando-param-melhorar\/\" \/>\n<meta property=\"og:locale\" content=\"pt_BR\" \/>\n<meta property=\"og:type\" content=\"article\" \/>\n<meta property=\"og:title\" content=\"Sequelas do AVC: Quando a Recupera\u00e7\u00e3o Desacelera e o Que Fazer \u2013 AVC360\" \/>\n<meta property=\"og:description\" content=\"Entenda quando as sequelas do AVC se tornam cr\u00f4nicas, por que a recupera\u00e7\u00e3o desacelera e como continuar evoluindo com reabilita\u00e7\u00e3o funcional.\" \/>\n<meta property=\"og:url\" content=\"http:\/\/clinpassos.com\/agende-sua-consulta\/2026\/04\/20\/sequelas-avc-quando-param-melhorar\/\" \/>\n<meta property=\"og:site_name\" content=\"Cl\u00ednica Passos\" \/>\n<meta property=\"article:published_time\" content=\"2026-04-20T20:29:03+00:00\" \/>\n<meta property=\"article:modified_time\" content=\"2026-04-20T20:29:04+00:00\" \/>\n<meta property=\"og:image\" content=\"http:\/\/clinpassos.com\/wp-content\/uploads\/2026\/04\/20260420_1724_Image-Generation_remix_01kpp913y3e9xs6v4c2fawbh12-1024x683.png\" \/>\n\t<meta property=\"og:image:width\" content=\"1024\" \/>\n\t<meta property=\"og:image:height\" content=\"683\" \/>\n\t<meta property=\"og:image:type\" content=\"image\/png\" \/>\n<meta name=\"author\" content=\"wpauseru3UVCaD0\" \/>\n<meta name=\"twitter:card\" content=\"summary_large_image\" \/>\n<meta name=\"twitter:label1\" content=\"Escrito por\" \/>\n\t<meta name=\"twitter:data1\" content=\"wpauseru3UVCaD0\" \/>\n\t<meta name=\"twitter:label2\" content=\"Est. tempo de leitura\" \/>\n\t<meta name=\"twitter:data2\" content=\"4 minutos\" \/>\n<!-- \/ Yoast SEO plugin. -->","yoast_head_json":{"title":"Sequelas do AVC: Quando a Recupera\u00e7\u00e3o Desacelera e o Que Fazer \u2013 AVC360","description":"Entenda quando as sequelas do AVC se tornam cr\u00f4nicas, por que a recupera\u00e7\u00e3o desacelera e como continuar evoluindo com reabilita\u00e7\u00e3o funcional.","robots":{"index":"index","follow":"follow","max-snippet":"max-snippet:-1","max-image-preview":"max-image-preview:large","max-video-preview":"max-video-preview:-1"},"canonical":"http:\/\/clinpassos.com\/agende-sua-consulta\/2026\/04\/20\/sequelas-avc-quando-param-melhorar\/","og_locale":"pt_BR","og_type":"article","og_title":"Sequelas do AVC: Quando a Recupera\u00e7\u00e3o Desacelera e o Que Fazer \u2013 AVC360","og_description":"Entenda quando as sequelas do AVC se tornam cr\u00f4nicas, por que a recupera\u00e7\u00e3o desacelera e como continuar evoluindo com reabilita\u00e7\u00e3o funcional.","og_url":"http:\/\/clinpassos.com\/agende-sua-consulta\/2026\/04\/20\/sequelas-avc-quando-param-melhorar\/","og_site_name":"Cl\u00ednica Passos","article_published_time":"2026-04-20T20:29:03+00:00","article_modified_time":"2026-04-20T20:29:04+00:00","og_image":[{"width":1024,"height":683,"url":"http:\/\/clinpassos.com\/wp-content\/uploads\/2026\/04\/20260420_1724_Image-Generation_remix_01kpp913y3e9xs6v4c2fawbh12-1024x683.png","type":"image\/png"}],"author":"wpauseru3UVCaD0","twitter_card":"summary_large_image","twitter_misc":{"Escrito por":"wpauseru3UVCaD0","Est. tempo de leitura":"4 minutos"},"schema":{"@context":"https:\/\/schema.org","@graph":[{"@type":"Article","@id":"http:\/\/clinpassos.com\/agende-sua-consulta\/2026\/04\/20\/sequelas-avc-quando-param-melhorar\/#article","isPartOf":{"@id":"http:\/\/clinpassos.com\/agende-sua-consulta\/2026\/04\/20\/sequelas-avc-quando-param-melhorar\/"},"author":{"name":"wpauseru3UVCaD0","@id":"http:\/\/clinpassos.com\/agende-sua-consulta\/#\/schema\/person\/fa24472b2b3cea990ebe5d0e4392680c"},"headline":"Sequelas do AVC: Quando a Recupera\u00e7\u00e3o Desacelera \u2014 e o Que Fazer a Partir Da\u00ed","datePublished":"2026-04-20T20:29:03+00:00","dateModified":"2026-04-20T20:29:04+00:00","mainEntityOfPage":{"@id":"http:\/\/clinpassos.com\/agende-sua-consulta\/2026\/04\/20\/sequelas-avc-quando-param-melhorar\/"},"wordCount":752,"commentCount":0,"publisher":{"@id":"http:\/\/clinpassos.com\/agende-sua-consulta\/#organization"},"image":{"@id":"http:\/\/clinpassos.com\/agende-sua-consulta\/2026\/04\/20\/sequelas-avc-quando-param-melhorar\/#primaryimage"},"thumbnailUrl":"http:\/\/clinpassos.com\/wp-content\/uploads\/2026\/04\/20260420_1724_Image-Generation_remix_01kpp913y3e9xs6v4c2fawbh12.png","inLanguage":"pt-BR","potentialAction":[{"@type":"CommentAction","name":"Comment","target":["http:\/\/clinpassos.com\/agende-sua-consulta\/2026\/04\/20\/sequelas-avc-quando-param-melhorar\/#respond"]}]},{"@type":"WebPage","@id":"http:\/\/clinpassos.com\/agende-sua-consulta\/2026\/04\/20\/sequelas-avc-quando-param-melhorar\/","url":"http:\/\/clinpassos.com\/agende-sua-consulta\/2026\/04\/20\/sequelas-avc-quando-param-melhorar\/","name":"Sequelas do AVC: Quando a Recupera\u00e7\u00e3o Desacelera e o Que Fazer \u2013 AVC360","isPartOf":{"@id":"http:\/\/clinpassos.com\/agende-sua-consulta\/#website"},"primaryImageOfPage":{"@id":"http:\/\/clinpassos.com\/agende-sua-consulta\/2026\/04\/20\/sequelas-avc-quando-param-melhorar\/#primaryimage"},"image":{"@id":"http:\/\/clinpassos.com\/agende-sua-consulta\/2026\/04\/20\/sequelas-avc-quando-param-melhorar\/#primaryimage"},"thumbnailUrl":"http:\/\/clinpassos.com\/wp-content\/uploads\/2026\/04\/20260420_1724_Image-Generation_remix_01kpp913y3e9xs6v4c2fawbh12.png","datePublished":"2026-04-20T20:29:03+00:00","dateModified":"2026-04-20T20:29:04+00:00","description":"Entenda quando as sequelas do AVC se tornam cr\u00f4nicas, por que a recupera\u00e7\u00e3o desacelera e como continuar evoluindo com reabilita\u00e7\u00e3o funcional.","breadcrumb":{"@id":"http:\/\/clinpassos.com\/agende-sua-consulta\/2026\/04\/20\/sequelas-avc-quando-param-melhorar\/#breadcrumb"},"inLanguage":"pt-BR","potentialAction":[{"@type":"ReadAction","target":["http:\/\/clinpassos.com\/agende-sua-consulta\/2026\/04\/20\/sequelas-avc-quando-param-melhorar\/"]}]},{"@type":"ImageObject","inLanguage":"pt-BR","@id":"http:\/\/clinpassos.com\/agende-sua-consulta\/2026\/04\/20\/sequelas-avc-quando-param-melhorar\/#primaryimage","url":"http:\/\/clinpassos.com\/wp-content\/uploads\/2026\/04\/20260420_1724_Image-Generation_remix_01kpp913y3e9xs6v4c2fawbh12.png","contentUrl":"http:\/\/clinpassos.com\/wp-content\/uploads\/2026\/04\/20260420_1724_Image-Generation_remix_01kpp913y3e9xs6v4c2fawbh12.png","width":1536,"height":1024,"caption":"sequelas"},{"@type":"BreadcrumbList","@id":"http:\/\/clinpassos.com\/agende-sua-consulta\/2026\/04\/20\/sequelas-avc-quando-param-melhorar\/#breadcrumb","itemListElement":[{"@type":"ListItem","position":1,"name":"In\u00edcio","item":"https:\/\/clinpassos.com\/agende-sua-consulta\/"},{"@type":"ListItem","position":2,"name":"Sequelas do AVC: Quando a Recupera\u00e7\u00e3o Desacelera \u2014 e o Que Fazer a Partir Da\u00ed"}]},{"@type":"WebSite","@id":"http:\/\/clinpassos.com\/agende-sua-consulta\/#website","url":"http:\/\/clinpassos.com\/agende-sua-consulta\/","name":"Cl\u00ednica Passos","description":"Agende sua consulta com um Fisiatra","publisher":{"@id":"http:\/\/clinpassos.com\/agende-sua-consulta\/#organization"},"potentialAction":[{"@type":"SearchAction","target":{"@type":"EntryPoint","urlTemplate":"http:\/\/clinpassos.com\/agende-sua-consulta\/?s={search_term_string}"},"query-input":"required name=search_term_string"}],"inLanguage":"pt-BR"},{"@type":"Organization","@id":"http:\/\/clinpassos.com\/agende-sua-consulta\/#organization","name":"Cl\u00ednica Passos","url":"http:\/\/clinpassos.com\/agende-sua-consulta\/","logo":{"@type":"ImageObject","inLanguage":"pt-BR","@id":"http:\/\/clinpassos.com\/agende-sua-consulta\/#\/schema\/logo\/image\/","url":"http:\/\/clinpassos.com\/wp-content\/uploads\/2024\/07\/logo-agency-3.png","contentUrl":"http:\/\/clinpassos.com\/wp-content\/uploads\/2024\/07\/logo-agency-3.png","width":200,"height":200,"caption":"Cl\u00ednica Passos"},"image":{"@id":"http:\/\/clinpassos.com\/agende-sua-consulta\/#\/schema\/logo\/image\/"}},{"@type":"Person","@id":"http:\/\/clinpassos.com\/agende-sua-consulta\/#\/schema\/person\/fa24472b2b3cea990ebe5d0e4392680c","name":"wpauseru3UVCaD0","image":{"@type":"ImageObject","inLanguage":"pt-BR","@id":"http:\/\/clinpassos.com\/agende-sua-consulta\/#\/schema\/person\/image\/","url":"https:\/\/secure.gravatar.com\/avatar\/7626b0a2174928b2c9ae720e607156b60a72401b5ad299c6708d2a0049420bb8?s=96&d=mm&r=g","contentUrl":"https:\/\/secure.gravatar.com\/avatar\/7626b0a2174928b2c9ae720e607156b60a72401b5ad299c6708d2a0049420bb8?s=96&d=mm&r=g","caption":"wpauseru3UVCaD0"},"sameAs":["https:\/\/clinpassos.com"],"url":"http:\/\/clinpassos.com\/agende-sua-consulta\/author\/wpauseru3uvcad0\/"}]}},"_links":{"self":[{"href":"http:\/\/clinpassos.com\/agende-sua-consulta\/wp-json\/wp\/v2\/posts\/395","targetHints":{"allow":["GET"]}}],"collection":[{"href":"http:\/\/clinpassos.com\/agende-sua-consulta\/wp-json\/wp\/v2\/posts"}],"about":[{"href":"http:\/\/clinpassos.com\/agende-sua-consulta\/wp-json\/wp\/v2\/types\/post"}],"author":[{"embeddable":true,"href":"http:\/\/clinpassos.com\/agende-sua-consulta\/wp-json\/wp\/v2\/users\/1"}],"replies":[{"embeddable":true,"href":"http:\/\/clinpassos.com\/agende-sua-consulta\/wp-json\/wp\/v2\/comments?post=395"}],"version-history":[{"count":1,"href":"http:\/\/clinpassos.com\/agende-sua-consulta\/wp-json\/wp\/v2\/posts\/395\/revisions"}],"predecessor-version":[{"id":398,"href":"http:\/\/clinpassos.com\/agende-sua-consulta\/wp-json\/wp\/v2\/posts\/395\/revisions\/398"}],"wp:featuredmedia":[{"embeddable":true,"href":"http:\/\/clinpassos.com\/agende-sua-consulta\/wp-json\/wp\/v2\/media\/396"}],"wp:attachment":[{"href":"http:\/\/clinpassos.com\/agende-sua-consulta\/wp-json\/wp\/v2\/media?parent=395"}],"wp:term":[{"taxonomy":"category","embeddable":true,"href":"http:\/\/clinpassos.com\/agende-sua-consulta\/wp-json\/wp\/v2\/categories?post=395"},{"taxonomy":"post_tag","embeddable":true,"href":"http:\/\/clinpassos.com\/agende-sua-consulta\/wp-json\/wp\/v2\/tags?post=395"}],"curies":[{"name":"wp","href":"https:\/\/api.w.org\/{rel}","templated":true}]}}